{"id":1197,"date":"2016-03-17T22:41:58","date_gmt":"2016-03-17T21:41:58","guid":{"rendered":"http:\/\/marret.co\/?p=1197"},"modified":"2018-01-29T19:06:33","modified_gmt":"2018-01-29T18:06:33","slug":"triplefil-une-affiche-inconnue","status":"publish","type":"post","link":"https:\/\/lesgravereaux.marret.co\/index.php\/2016\/03\/17\/triplefil-une-affiche-inconnue\/","title":{"rendered":"Triplefil, une affiche rare&#8230; et inconnue?"},"content":{"rendered":"<p><a href=\"https:\/\/i0.wp.com\/marret.co\/wp-content\/uploads\/2016\/03\/Affiche-1960v_wp.jpg\" rel=\"attachment wp-att-1199\"><img data-recalc-dims=\"1\" loading=\"lazy\" decoding=\"async\" data-attachment-id=\"1199\" data-permalink=\"https:\/\/lesgravereaux.marret.co\/index.php\/2016\/03\/17\/triplefil-une-affiche-inconnue\/affiche-1960v_wp\/\" data-orig-file=\"https:\/\/i0.wp.com\/lesgravereaux.marret.co\/wp-content\/uploads\/2016\/03\/Affiche-1960v_wp.jpg?fit=874%2C1181&amp;ssl=1\" data-orig-size=\"874,1181\" data-comments-opened=\"1\" data-image-meta=\"{&quot;aperture&quot;:&quot;2.8&quot;,&quot;credit&quot;:&quot;&quot;,&quot;camera&quot;:&quot;DMC-FS7&quot;,&quot;caption&quot;:&quot;&quot;,&quot;created_timestamp&quot;:&quot;1417849600&quot;,&quot;copyright&quot;:&quot;&quot;,&quot;focal_length&quot;:&quot;5.5&quot;,&quot;iso&quot;:&quot;100&quot;,&quot;shutter_speed&quot;:&quot;0.016666666666667&quot;,&quot;title&quot;:&quot;&quot;,&quot;orientation&quot;:&quot;1&quot;}\" data-image-title=\"Affiche (1960v)_wp\" data-image-description=\"\" data-image-caption=\"\" data-large-file=\"https:\/\/i0.wp.com\/lesgravereaux.marret.co\/wp-content\/uploads\/2016\/03\/Affiche-1960v_wp.jpg?fit=640%2C865&amp;ssl=1\" width=\"250\" height=\"338\" class=\"wp-image-1199 alignright\" alt=\"Affiche (1960v)_wp\" src=\"https:\/\/i0.wp.com\/marret.co\/wp-content\/uploads\/2016\/03\/Affiche-1960v_wp-758x1024.jpg?resize=250%2C338\" data-wp-pid=\"1199\" srcset=\"https:\/\/i0.wp.com\/lesgravereaux.marret.co\/wp-content\/uploads\/2016\/03\/Affiche-1960v_wp.jpg?resize=758%2C1024&amp;ssl=1 758w, https:\/\/i0.wp.com\/lesgravereaux.marret.co\/wp-content\/uploads\/2016\/03\/Affiche-1960v_wp.jpg?resize=222%2C300&amp;ssl=1 222w, https:\/\/i0.wp.com\/lesgravereaux.marret.co\/wp-content\/uploads\/2016\/03\/Affiche-1960v_wp.jpg?resize=768%2C1038&amp;ssl=1 768w, https:\/\/i0.wp.com\/lesgravereaux.marret.co\/wp-content\/uploads\/2016\/03\/Affiche-1960v_wp.jpg?resize=800%2C1081&amp;ssl=1 800w, https:\/\/i0.wp.com\/lesgravereaux.marret.co\/wp-content\/uploads\/2016\/03\/Affiche-1960v_wp.jpg?resize=444%2C600&amp;ssl=1 444w, https:\/\/i0.wp.com\/lesgravereaux.marret.co\/wp-content\/uploads\/2016\/03\/Affiche-1960v_wp.jpg?w=874&amp;ssl=1 874w\" sizes=\"auto, (max-width: 250px) 100vw, 250px\" \/><\/a><\/p>\n<p>Dessin\u00e9e par Auriac, cette affiche a d\u00fb para\u00eetre dans des revues ou lors d\u2019\u00e9v\u00e8nements promotionnels. La connaissez-vous et savez-vous quand et o\u00f9 elle a \u00e9t\u00e9 pr\u00e9sent\u00e9e? Si vous r\u00e9pondez affirmativement \u00e0 cette question, <a href=\"https:\/\/lesgravereaux.marret.co\/index.php\/contact-edimestre\/\" target=\"_blank\" rel=\"noopener\">communiquez avec l&rsquo;\u00e9dimestre<\/a> responsable de ce site<b><i><span style=\"color: #bc8278; font-family: Verdana;\">&nbsp;<\/span><\/i><\/b>pour lui indiquer\u2026<\/p>\n<p><span lang=\"FR\" style=\"margin: 0px; color: #333333; font-family: 'Georgia','serif';\">Vendue en Australie, elle a \u00e9t\u00e9 acquise r\u00e9cemment par le <a href=\"http:\/\/www.museedelachemiserie.fr\/\" target=\"_blank\" rel=\"noopener\">Mus\u00e9e de la Chemiserie et de l\u2019\u00c9l\u00e9gance masculine <\/a>d\u2019Argenton-sur-Creuse.<\/span><\/p>\n","protected":false},"excerpt":{"rendered":"<p>Dessin\u00e9e par Auriac, cette affiche a d\u00fb para\u00eetre dans des revues ou lors d\u2019\u00e9v\u00e8nements promotionnels. La connaissez-vous et savez-vous quand et o\u00f9 elle a \u00e9t\u00e9 pr\u00e9sent\u00e9e? Si vous r\u00e9pondez affirmativement \u00e0 cette question, communiquez avec l&rsquo;\u00e9dimestre responsable de ce site&nbsp;pour &hellip; <a href=\"https:\/\/lesgravereaux.marret.co\/index.php\/2016\/03\/17\/triplefil-une-affiche-inconnue\/\">Continuer la lecture <span class=\"meta-nav\">&rarr;<\/span><\/a><\/p>\n","protected":false},"author":1,"featured_media":0,"comment_status":"open","ping_status":"open","sticky":false,"template":"","format":"standard","meta":{"ngg_post_thumbnail":0,"_jetpack_newsletter_access":"","_jetpack_dont_email_post_to_subs":true,"_jetpack_newsletter_tier_id":0,"_jetpack_memberships_contains_paywalled_content":false,"_jetpack_memberships_contains_paid_content":false,"footnotes":"","jetpack_publicize_message":"","jetpack_publicize_feature_enabled":true,"jetpack_social_post_already_shared":false,"jetpack_social_options":{"image_generator_settings":{"template":"highway","default_image_id":0,"font":"","enabled":false},"version":2},"jetpack_post_was_ever_published":false},"categories":[124],"tags":[],"class_list":["post-1197","post","type-post","status-publish","format-standard","hentry","category-les-etablissements-gravereaux"],"jetpack_publicize_connections":[],"jetpack_featured_media_url":"","jetpack_sharing_enabled":true,"jetpack_shortlink":"https:\/\/wp.me\/p7ERyi-jj","jetpack-related-posts":[{"id":759,"url":"https:\/\/lesgravereaux.marret.co\/index.php\/2016\/03\/09\/des-videos-sur-lhay-et-les-roses\/","url_meta":{"origin":1197,"position":0},"title":"Des vid\u00e9os sur L&rsquo;Ha\u00ff &#8230; et les roses","author":"marretgravereaux","date":"9 mars 2016","format":false,"excerpt":"Depuis plusieurs ann\u00e9es, le Conseil g\u00e9n\u00e9ral du Val-de-Marne fait produire des vid\u00e9os sur la roseraie de L\u2019Ha\u00ff et elles sont visibles \u2013 certaines d\u2019entre elles sont m\u00eame t\u00e9l\u00e9chargeables \u2014 sur le site Vimeo. Deux de celles-ci sont particuli\u00e8rement int\u00e9ressantes\u00a0: La Roseraie du Val-de-Marne \u2014 Un jardin d'exception Initi\u00e9es par Jules\u2026","rel":"","context":"Dans &quot;L'Ha\u00ff-les-Roses&quot;","block_context":{"text":"L'Ha\u00ff-les-Roses","link":"https:\/\/lesgravereaux.marret.co\/index.php\/category\/jules-gravereaux\/a-lhay-les-roses\/"},"img":{"alt_text":"Roses de Malmaison - p04_wp","src":"https:\/\/i0.wp.com\/marret.co\/wp-content\/uploads\/2016\/03\/Roses-de-Malmaison-p04_wp.jpg?resize=350%2C200","width":350,"height":200},"classes":[]},{"id":4162,"url":"https:\/\/lesgravereaux.marret.co\/index.php\/2016\/07\/01\/des-cartes-postales-signees-lhay\/","url_meta":{"origin":1197,"position":1},"title":"Des cartes postales \u00absign\u00e9es\u00bb L&rsquo;Ha\u00ff","author":"marretgravereaux","date":"1 juillet 2016","format":false,"excerpt":"Au d\u00e9but du XXe si\u00e8cle,\u00a0la roseraie de L\u2019Ha\u00ff conna\u00eet un essor consid\u00e9rable :\u00a0le nombre de rosiers cultiv\u00e9s s\u2019accro\u00eet notablement,\u00a0Jules Gravereaux y construit de nouveaux am\u00e9nagements - comme le Th\u00e9\u00e2tre des Roses (en 1906) - et le Tout-Paris en\u00a0fait un lieu incontournable de r\u00e9ceptions et de spectacles. Les articles dans les\u2026","rel":"","context":"Dans &quot;Jules Gravereaux&quot;","block_context":{"text":"Jules Gravereaux","link":"https:\/\/lesgravereaux.marret.co\/index.php\/category\/jules-gravereaux\/"},"img":{"alt_text":"Roses de Malmaison - p08_wp","src":"https:\/\/i0.wp.com\/lesgravereaux.marret.co\/wp-content\/uploads\/2016\/03\/Roses-de-Malmaison-p08_wp.jpg?resize=350%2C200","width":350,"height":200},"classes":[]},{"id":2820,"url":"https:\/\/lesgravereaux.marret.co\/index.php\/2016\/05\/20\/des-poignets-erge\/","url_meta":{"origin":1197,"position":2},"title":"Des poignets&#8230; Erg\u00e9","author":"marretgravereaux","date":"20 mai 2016","format":false,"excerpt":"L\u2019histoire des \u00c9tablissements Gravereaux commence en 1910 par le blanchissage et la fabrication de faux cols. Dans son premier catalogue, paru cette m\u00eame ann\u00e9e, elle pr\u00e9sente en outre\u00a0d\u2019autres produits de la chemiserie, parmi lesquels des plastrons et des manchettes. Les cols deviennent le produit phare de la Maison Gravereaux avec,\u2026","rel":"","context":"Dans &quot;Les \u00c9tablissements Gravereaux&quot;","block_context":{"text":"Les \u00c9tablissements Gravereaux","link":"https:\/\/lesgravereaux.marret.co\/index.php\/category\/les-etablissements-gravereaux\/"},"img":{"alt_text":"1928 Erg\u00e9 - Publicit\u00e9_wp","src":"https:\/\/i0.wp.com\/lesgravereaux.marret.co\/wp-content\/uploads\/2016\/05\/1928-Erg%C3%A9-Publicit%C3%A9_wp-703x1024.jpg?resize=350%2C200","width":350,"height":200},"classes":[]},{"id":5209,"url":"https:\/\/lesgravereaux.marret.co\/index.php\/2017\/04\/01\/une-chromo-carte-nommee-gravereaux\/","url_meta":{"origin":1197,"position":3},"title":"Une chromo carte nomm\u00e9e Gravereaux","author":"marretgravereaux","date":"1 avril 2017","format":false,"excerpt":"Peu apr\u00e8s la guerre de 1870, le magasin \u00abAu Bon March\u00e9\u00a0\u00bb conna\u00eet une croissance exceptionnelle. Le nouveau grand magasin est inaugur\u00e9 en avril 1872 et Aristide Boucicaut ne m\u00e9nage pas ses efforts pour en assurer le succ\u00e8s. La publicit\u00e9 est au c\u0153ur de sa strat\u00e9gie\u00a0: le Bon March\u00e9 envoie par\u2026","rel":"","context":"Dans &quot;Jules Gravereaux&quot;","block_context":{"text":"Jules Gravereaux","link":"https:\/\/lesgravereaux.marret.co\/index.php\/category\/jules-gravereaux\/"},"img":{"alt_text":"","src":"https:\/\/i0.wp.com\/lesgravereaux.marret.co\/wp-content\/uploads\/2017\/04\/Au-Bon-March%C3%A9-Carte-Madame-Gravereaux-r_wp.jpg?resize=350%2C200","width":350,"height":200},"classes":[]},{"id":1749,"url":"https:\/\/lesgravereaux.marret.co\/index.php\/2016\/04\/22\/roseraie-de-lhay-et-jules-gravereaux-objets-de-collection\/","url_meta":{"origin":1197,"position":4},"title":"Roseraie de L&rsquo;Ha\u00ff et Jules Gravereaux &#8211; pour philat\u00e9listes&#8230;","author":"marretgravereaux","date":"22 avril 2016","format":false,"excerpt":"La Roseraie de L'Ha\u00ff, Jules Gravereaux, et les roses que celui-ci a cr\u00e9\u00e9es\u00a0ont \u00e9t\u00e9 repr\u00e9sent\u00e9es \u00e0 de multiples reprises sur\u00a0divers objets de collection pour les\u00a0philat\u00e9listes... Si vous en d\u00e9couvrez d'autres, communiquez avec l'\u00e9dimestre responsable de ce site pour qu'il les ajoute \u00e0 cette page. Un timbre fran\u00e7ais En juin 2010,\u2026","rel":"","context":"Dans &quot;Jules Gravereaux&quot;","block_context":{"text":"Jules Gravereaux","link":"https:\/\/lesgravereaux.marret.co\/index.php\/category\/jules-gravereaux\/"},"img":{"alt_text":"2010-06 Collector - detail_wp","src":"https:\/\/i0.wp.com\/lesgravereaux.marret.co\/wp-content\/uploads\/2016\/03\/2010-06-Collector-detail_wp.jpg?resize=350%2C200","width":350,"height":200},"classes":[]},{"id":5462,"url":"https:\/\/lesgravereaux.marret.co\/index.php\/2017\/09\/08\/des-maquettes-de-la-roseraie\/","url_meta":{"origin":1197,"position":5},"title":"Des maquettes de la roseraie&#8230;","author":"marretgravereaux","date":"8 septembre 2017","format":false,"excerpt":"On sait \u2013 et on comprend facilement pourquoi \u2013 que la roseraie de L\u2019Ha\u00ff-les-Roses a inspir\u00e9 nombre d\u2019artistes, qu\u2019ils soient photographes, cin\u00e9astes ou peintres. Mais on ignore g\u00e9n\u00e9ralement que ce jardin exceptionnel a \u00e9t\u00e9 reproduit sous forme de maquettes ou autres r\u00e9alisations en 3D. Au d\u00e9but du XXe\u00a0si\u00e8cle, la maison\u2026","rel":"","context":"Dans &quot;L'Ha\u00ff-les-Roses&quot;","block_context":{"text":"L'Ha\u00ff-les-Roses","link":"https:\/\/lesgravereaux.marret.co\/index.php\/category\/jules-gravereaux\/a-lhay-les-roses\/"},"img":{"alt_text":"","src":"https:\/\/i0.wp.com\/lesgravereaux.marret.co\/wp-content\/uploads\/2017\/09\/Exposition-universelle-de-Turin-Diorama-de-la-Roseraie-de-LHay_wp.gif?resize=350%2C200","width":350,"height":200},"classes":[]}],"_links":{"self":[{"href":"https:\/\/lesgravereaux.marret.co\/index.php\/wp-json\/wp\/v2\/posts\/1197","targetHints":{"allow":["GET"]}}],"collection":[{"href":"https:\/\/lesgravereaux.marret.co\/index.php\/wp-json\/wp\/v2\/posts"}],"about":[{"href":"https:\/\/lesgravereaux.marret.co\/index.php\/wp-json\/wp\/v2\/types\/post"}],"author":[{"embeddable":true,"href":"https:\/\/lesgravereaux.marret.co\/index.php\/wp-json\/wp\/v2\/users\/1"}],"replies":[{"embeddable":true,"href":"https:\/\/lesgravereaux.marret.co\/index.php\/wp-json\/wp\/v2\/comments?post=1197"}],"version-history":[{"count":0,"href":"https:\/\/lesgravereaux.marret.co\/index.php\/wp-json\/wp\/v2\/posts\/1197\/revisions"}],"wp:attachment":[{"href":"https:\/\/lesgravereaux.marret.co\/index.php\/wp-json\/wp\/v2\/media?parent=1197"}],"wp:term":[{"taxonomy":"category","embeddable":true,"href":"https:\/\/lesgravereaux.marret.co\/index.php\/wp-json\/wp\/v2\/categories?post=1197"},{"taxonomy":"post_tag","embeddable":true,"href":"https:\/\/lesgravereaux.marret.co\/index.php\/wp-json\/wp\/v2\/tags?post=1197"}],"curies":[{"name":"wp","href":"https:\/\/api.w.org\/{rel}","templated":true}]}}